{"id":38,"date":"1993-03-15T19:47:22","date_gmt":"1993-03-15T17:47:22","guid":{"rendered":"http:\/\/www.axellcom.com\/axellcom\/?p=38"},"modified":"2016-10-20T19:58:08","modified_gmt":"2016-10-20T17:58:08","slug":"les-mangeurs-de-grottes","status":"publish","type":"post","link":"https:\/\/www.axellcom.com\/axellcom\/1993\/03\/15\/les-mangeurs-de-grottes\/","title":{"rendered":"Les mangeurs de grottes"},"content":{"rendered":"<p><iframe loading=\"lazy\" title=\"Les mangeurs de grottes (1993)\" src=\"https:\/\/player.vimeo.com\/video\/117183326?dnt=1&amp;app_id=122963\" width=\"474\" height=\"267\" frameborder=\"0\" allow=\"autoplay; fullscreen; picture-in-picture; clipboard-write\"><\/iframe><\/p>\n<p>\u00ab\u00a0Les mangeurs de grottes\u00a0\u00bb &#8211; S\u00e9rie \u00ab\u00a0L&rsquo;Europe Souterraine\u00a0\u00bb<\/p>\n<p>1993 &#8211; 26 min.<\/p>\n<p>R\u00e9alisation: Philippe Axell<\/p>\n<p>Autre \u00e9pisode de la s\u00e9rie \u00ab\u00a0L&rsquo;Europe Souterraine\u00a0\u00bb.<br \/>\nCet \u00e9pisode, de 1993, s&rsquo;int\u00e9resse plus particuli\u00e8rement \u00e0 la destruction du patrimoine souterrain par l&rsquo;exploitation des carri\u00e8res dans les massifs calcaires.<br \/>\nLa majeure partie des images ont \u00e9t\u00e9 tourn\u00e9es dans les r\u00e9seaux non am\u00e9nag\u00e9s de la Grotte de Hotton en Belgique.<\/p>\n","protected":false},"excerpt":{"rendered":"<p>\u00ab\u00a0Les mangeurs de grottes\u00a0\u00bb &#8211; S\u00e9rie \u00ab\u00a0L&rsquo;Europe Souterraine\u00a0\u00bb 1993 &#8211; 26 min. R\u00e9alisation: Philippe Axell Autre \u00e9pisode de la s\u00e9rie \u00ab\u00a0L&rsquo;Europe Souterraine\u00a0\u00bb. Cet \u00e9pisode, de 1993, s&rsquo;int\u00e9resse plus particuli\u00e8rement \u00e0 la destruction du patrimoine souterrain par l&rsquo;exploitation des carri\u00e8res dans les massifs calcaires. La majeure partie des images ont \u00e9t\u00e9 tourn\u00e9es dans les r\u00e9seaux non &hellip; <a href=\"https:\/\/www.axellcom.com\/axellcom\/1993\/03\/15\/les-mangeurs-de-grottes\/\" class=\"more-link\">Continuer la lecture de <span class=\"screen-reader-text\">Les mangeurs de grottes<\/span>  <span class=\"meta-nav\">&rarr;<\/span><\/a><\/p>\n","protected":false},"author":1,"featured_media":39,"comment_status":"open","ping_status":"open","sticky":false,"template":"","format":"video","meta":{"footnotes":""},"categories":[3],"tags":[20,29,27,14,17,19,15,10,28,21,8,4],"class_list":["post-38","post","type-post","status-publish","format-video","has-post-thumbnail","hentry","category-video","tag-archeologie","tag-carrieres","tag-decouvertes","tag-equipe","tag-europe-souterraine","tag-grotte","tag-grottes","tag-hdtv","tag-hotton","tag-plongee","tag-speleo","tag-video","post_format-post-format-video"],"_links":{"self":[{"href":"https:\/\/www.axellcom.com\/axellcom\/wp-json\/wp\/v2\/posts\/38","targetHints":{"allow":["GET"]}}],"collection":[{"href":"https:\/\/www.axellcom.com\/axellcom\/wp-json\/wp\/v2\/posts"}],"about":[{"href":"https:\/\/www.axellcom.com\/axellcom\/wp-json\/wp\/v2\/types\/post"}],"author":[{"embeddable":true,"href":"https:\/\/www.axellcom.com\/axellcom\/wp-json\/wp\/v2\/users\/1"}],"replies":[{"embeddable":true,"href":"https:\/\/www.axellcom.com\/axellcom\/wp-json\/wp\/v2\/comments?post=38"}],"version-history":[{"count":1,"href":"https:\/\/www.axellcom.com\/axellcom\/wp-json\/wp\/v2\/posts\/38\/revisions"}],"predecessor-version":[{"id":40,"href":"https:\/\/www.axellcom.com\/axellcom\/wp-json\/wp\/v2\/posts\/38\/revisions\/40"}],"wp:featuredmedia":[{"embeddable":true,"href":"https:\/\/www.axellcom.com\/axellcom\/wp-json\/wp\/v2\/media\/39"}],"wp:attachment":[{"href":"https:\/\/www.axellcom.com\/axellcom\/wp-json\/wp\/v2\/media?parent=38"}],"wp:term":[{"taxonomy":"category","embeddable":true,"href":"https:\/\/www.axellcom.com\/axellcom\/wp-json\/wp\/v2\/categories?post=38"},{"taxonomy":"post_tag","embeddable":true,"href":"https:\/\/www.axellcom.com\/axellcom\/wp-json\/wp\/v2\/tags?post=38"}],"curies":[{"name":"wp","href":"https:\/\/api.w.org\/{rel}","templated":true}]}}