{"id":35,"date":"1992-09-18T19:42:41","date_gmt":"1992-09-18T17:42:41","guid":{"rendered":"http:\/\/www.axellcom.com\/axellcom\/?p=35"},"modified":"2016-10-20T19:43:25","modified_gmt":"2016-10-20T17:43:25","slug":"une-epave-sous-la-terre","status":"publish","type":"post","link":"https:\/\/www.axellcom.com\/axellcom\/1992\/09\/18\/une-epave-sous-la-terre\/","title":{"rendered":"Une \u00e9pave sous la terre"},"content":{"rendered":"<p><iframe loading=\"lazy\" title=\"Une \u00e9pave sous la terre (1992)\" src=\"https:\/\/player.vimeo.com\/video\/116753682?dnt=1&amp;app_id=122963\" width=\"474\" height=\"267\" frameborder=\"0\" allow=\"autoplay; fullscreen; picture-in-picture; clipboard-write\"><\/iframe><\/p>\n<p>\u00ab\u00a0Une \u00e9pave sous la terre\u00a0\u00bb &#8211; S\u00e9rie \u00ab\u00a0L&rsquo;Europe Souterraine\u00a0\u00bb<\/p>\n<p>1992 &#8211; 26 min.<\/p>\n<p>R\u00e9alisation: Philippe Axell<\/p>\n<p>Un autre \u00e9pisode de la s\u00e9rie \u00ab\u00a0L&rsquo;Europe Souterraine\u00a0\u00bb.<br \/>\nCelui-ci a \u00e9t\u00e9 tourn\u00e9 en 1992 avec du mat\u00e9riel traditionnel (Betacam SP et Hi8 pour les images sous-marines).<br \/>\nLe sujet est tr\u00e8s diff\u00e9rent des autres \u00e9pisodes. Il s&rsquo;agit d&rsquo;un patrimoine souterrain industriel datant du 19\u00e8me si\u00e8cle et re-d\u00e9couvert dans les ann\u00e9es 1980. Pr\u00e8s de 250 kilom\u00e8tres de galeries dont 2\/3 inond\u00e9s. Les plongeurs-sp\u00e9l\u00e9o belges en ont fait l&rsquo;exploration \u00e0 la fin du 20\u00e8me si\u00e8cle.<\/p>\n","protected":false},"excerpt":{"rendered":"<p>\u00ab\u00a0Une \u00e9pave sous la terre\u00a0\u00bb &#8211; S\u00e9rie \u00ab\u00a0L&rsquo;Europe Souterraine\u00a0\u00bb 1992 &#8211; 26 min. R\u00e9alisation: Philippe Axell Un autre \u00e9pisode de la s\u00e9rie \u00ab\u00a0L&rsquo;Europe Souterraine\u00a0\u00bb. Celui-ci a \u00e9t\u00e9 tourn\u00e9 en 1992 avec du mat\u00e9riel traditionnel (Betacam SP et Hi8 pour les images sous-marines). Le sujet est tr\u00e8s diff\u00e9rent des autres \u00e9pisodes. Il s&rsquo;agit d&rsquo;un patrimoine souterrain &hellip; <a href=\"https:\/\/www.axellcom.com\/axellcom\/1992\/09\/18\/une-epave-sous-la-terre\/\" class=\"more-link\">Continuer la lecture de <span class=\"screen-reader-text\">Une \u00e9pave sous la terre<\/span>  <span class=\"meta-nav\">&rarr;<\/span><\/a><\/p>\n","protected":false},"author":1,"featured_media":36,"comment_status":"open","ping_status":"open","sticky":false,"template":"","format":"video","meta":{"footnotes":""},"categories":[3],"tags":[20,27,25,26,21,8],"class_list":["post-35","post","type-post","status-publish","format-video","has-post-thumbnail","hentry","category-video","tag-archeologie","tag-decouvertes","tag-malogne","tag-mons","tag-plongee","tag-speleo","post_format-post-format-video"],"_links":{"self":[{"href":"https:\/\/www.axellcom.com\/axellcom\/wp-json\/wp\/v2\/posts\/35","targetHints":{"allow":["GET"]}}],"collection":[{"href":"https:\/\/www.axellcom.com\/axellcom\/wp-json\/wp\/v2\/posts"}],"about":[{"href":"https:\/\/www.axellcom.com\/axellcom\/wp-json\/wp\/v2\/types\/post"}],"author":[{"embeddable":true,"href":"https:\/\/www.axellcom.com\/axellcom\/wp-json\/wp\/v2\/users\/1"}],"replies":[{"embeddable":true,"href":"https:\/\/www.axellcom.com\/axellcom\/wp-json\/wp\/v2\/comments?post=35"}],"version-history":[{"count":1,"href":"https:\/\/www.axellcom.com\/axellcom\/wp-json\/wp\/v2\/posts\/35\/revisions"}],"predecessor-version":[{"id":37,"href":"https:\/\/www.axellcom.com\/axellcom\/wp-json\/wp\/v2\/posts\/35\/revisions\/37"}],"wp:featuredmedia":[{"embeddable":true,"href":"https:\/\/www.axellcom.com\/axellcom\/wp-json\/wp\/v2\/media\/36"}],"wp:attachment":[{"href":"https:\/\/www.axellcom.com\/axellcom\/wp-json\/wp\/v2\/media?parent=35"}],"wp:term":[{"taxonomy":"category","embeddable":true,"href":"https:\/\/www.axellcom.com\/axellcom\/wp-json\/wp\/v2\/categories?post=35"},{"taxonomy":"post_tag","embeddable":true,"href":"https:\/\/www.axellcom.com\/axellcom\/wp-json\/wp\/v2\/tags?post=35"}],"curies":[{"name":"wp","href":"https:\/\/api.w.org\/{rel}","templated":true}]}}